{"id":4788,"date":"2026-09-01T11:37:54","date_gmt":"2026-09-01T09:37:54","guid":{"rendered":"https:\/\/katicatanya.hu\/?p=4788"},"modified":"2026-09-01T11:38:11","modified_gmt":"2026-09-01T09:38:11","slug":"becsengettek-de-a-kalandok-folytatodnak","status":"publish","type":"post","link":"https:\/\/katicatanya.hu\/en\/becsengettek-de-a-kalandok-folytatodnak\/","title":{"rendered":"Becsengettek, de a kalandok folytat\u00f3dnak!"},"content":{"rendered":"<p class=\"wp-block-paragraph\">Becsengettek, el\u0151ker\u00fcltek az iskolat\u00e1sk\u00e1k, \u00e9s \u00fajra megteltek a h\u00e9tk\u00f6znapok teend\u0151kkel. De att\u00f3l, hogy v\u00e9get \u00e9rt a ny\u00e1ri sz\u00fcnet, <strong>a k\u00f6z\u00f6s csal\u00e1di kalandoknak m\u00e9g egy\u00e1ltal\u00e1n nem kell b\u00facs\u00fat inten\u00fcnk!<\/strong><\/p>\n\n\n\n<p class=\"wp-block-paragraph\">A szeptember az egyik legjobb h\u00f3nap a kir\u00e1ndul\u00e1sokra: kellemes az id\u0151, a term\u00e9szet lassan \u0151szi sz\u00ednekbe \u00f6lt\u00f6zik, n\u00e1lunk pedig tov\u00e1bbra is v\u00e1rnak benneteket <strong>a szabadt\u00e9ri j\u00e1t\u00e9kok<\/strong> and the <strong>h\u00e9tv\u00e9gi programok.<\/strong><\/p>\n\n\n\n<p class=\"wp-block-paragraph\"><strong>Join us!<\/strong><\/p>\n\n\n\n<h2 class=\"wp-block-heading\"><strong>Szeptember 5-6. \u2013 Gy\u00fcm\u00f6lcsnapok<\/strong><\/h2>\n\n\n\n<p class=\"wp-block-paragraph\"><strong>Nektek mi jut el\u0151sz\u00f6r eszetekbe az \u0151szr\u0151l?<\/strong><\/p>\n\n\n\n<p class=\"wp-block-paragraph\">Az iskolakezd\u00e9s, a sz\u00ednesed\u0151 levelek vagy \u00e9ppen <strong>a szezon legfinomabb gy\u00fcm\u00f6lcsei? <\/strong>N\u00e1lunk ezen a h\u00e9tv\u00e9g\u00e9n az ut\u00f3bbiak\u00e9 lesz a f\u0151szerep!<\/p>\n\n\n\n<p class=\"wp-block-paragraph\">S\u00e1rga, piros vagy z\u00f6ld, friss vagy aszalt \u2013 a gy\u00fcm\u00f6lcs\u00f6k nemcsak finomak, hanem remek alapanyagok egy kis k\u00f6z\u00f6s alkot\u00e1shoz is. A Gy\u00fcm\u00f6lcsnapokon<strong> gy\u00fcm\u00f6lcs\u00f6s f\u00fcgg\u0151t<\/strong> k\u00e9sz\u00edthettek, \u00e9s az<strong> alm\u00e1val val\u00f3 nyomd\u00e1z\u00e1st<\/strong> is kipr\u00f3b\u00e1lhatj\u00e1tok.<\/p>\n\n\n\n<p class=\"wp-block-paragraph\">Persze a megszokott \u00e9lm\u00e9nyek is v\u00e1rnak: szervezett <strong>\u00e1llatsimogat\u00e1son <\/strong>ismerkedhettek meg a tanya lak\u00f3ival, a<strong> Matyi train<\/strong> and the <strong>Hord\u00f3j\u00e1rat <\/strong>pedig naponta n\u00e9gy alkalommal, menetrend szerint indul egy-egy k\u00f6rre a Katica Tanya k\u00f6r\u00fcl.<\/p>\n\n\n\n<p class=\"wp-block-paragraph\"><strong>Our weekend dining offer:<\/strong><\/p>\n\n\n\n<p class=\"wp-block-paragraph\">Chilled mixed fruit soup \u2013 Chicken with fruit sauce \u2013 Apple cake<\/p>\n\n\n\n<h2 class=\"wp-block-heading\"><strong>Szeptember 12-13. \u2013 K\u00f6z\u00e9pkori h\u00e9tv\u00e9ge<\/strong><\/h2>\n\n\n\n<p class=\"wp-block-paragraph\"><strong>K\u00e9szen \u00e1lltok egy \u00fajabb id\u0151utaz\u00e1sra?<\/strong><\/p>\n\n\n\n<p class=\"wp-block-paragraph\">N\u00e9pszer\u0171 <strong>K\u00f6z\u00e9pkori h\u00e9tv\u00e9g\u00e9nk<\/strong> szeptemberben is visszat\u00e9r, \u00edgy ism\u00e9t pr\u00f3b\u00e1ra tehetitek magatokat a lovagok vil\u00e1g\u00e1ban!<\/p>\n\n\n\n<p class=\"wp-block-paragraph\">C\u00edmerfest\u00e9s, \u00edj\u00e1szat, v\u00edv\u00e1soktat\u00e1s, csatacsillag- \u00e9s kelev\u00e9zdob\u00e1s, valamint l\u00e1tv\u00e1nyos haj\u00edt\u00f3g\u00e9p-bemutat\u00f3 v\u00e1r benneteket. Vajon ki lesz a csal\u00e1d leg\u00fcgyesebb kardforgat\u00f3ja vagy legpontosabb \u00edj\u00e1sza?<\/p>\n\n\n\n<p class=\"wp-block-paragraph\">A kellemes szeptemberi id\u0151ben \u00e9rdemes az eg\u00e9sz napot n\u00e1lunk t\u00f6lteni. A t\u00f3parton tov\u00e1bbra is v\u00e1rnak a <strong>v\u00edzi j\u00e1rg\u00e1nyok, ugr\u00e1l\u00f3dombjainkon<\/strong> levezethetitek a f\u00f6l\u00f6s energi\u00e1t, a<strong> Bolyong\u00f3 labirintusban<\/strong> pedig kider\u00fcl, milyen k\u00f6nnyen tal\u00e1lj\u00e1tok meg a kiutat.<\/p>\n\n\n\n<p class=\"wp-block-paragraph\"><strong>Our weekend dining offer:<\/strong><\/p>\n\n\n\n<p class=\"wp-block-paragraph\">Bean stew \u2013 Pork knuckle, P\u00e9kn\u00e9-style \u2013 Plum dumplings<\/p>","protected":false},"excerpt":{"rendered":"<p>Becsengettek, el\u0151ker\u00fcltek az iskolat\u00e1sk\u00e1k, \u00e9s \u00fajra megteltek a h\u00e9tk\u00f6znapok teend\u0151kkel. De att\u00f3l, hogy v\u00e9get \u00e9rt a ny\u00e1ri sz\u00fcnet, a k\u00f6z\u00f6s [&hellip;]<\/p>\n","protected":false},"author":2,"featured_media":4789,"comment_status":"open","ping_status":"open","sticky":false,"template":"","format":"standard","meta":{"_acf_changed":false,"footnotes":""},"categories":[1],"tags":[],"class_list":["post-4788","post","type-post","status-publish","format-standard","has-post-thumbnail","hentry","category-uncategorized"],"acf":[],"_links":{"self":[{"href":"https:\/\/katicatanya.hu\/en\/wp-json\/wp\/v2\/posts\/4788","targetHints":{"allow":["GET"]}}],"collection":[{"href":"https:\/\/katicatanya.hu\/en\/wp-json\/wp\/v2\/posts"}],"about":[{"href":"https:\/\/katicatanya.hu\/en\/wp-json\/wp\/v2\/types\/post"}],"author":[{"embeddable":true,"href":"https:\/\/katicatanya.hu\/en\/wp-json\/wp\/v2\/users\/2"}],"replies":[{"embeddable":true,"href":"https:\/\/katicatanya.hu\/en\/wp-json\/wp\/v2\/comments?post=4788"}],"version-history":[{"count":2,"href":"https:\/\/katicatanya.hu\/en\/wp-json\/wp\/v2\/posts\/4788\/revisions"}],"predecessor-version":[{"id":4791,"href":"https:\/\/katicatanya.hu\/en\/wp-json\/wp\/v2\/posts\/4788\/revisions\/4791"}],"wp:featuredmedia":[{"embeddable":true,"href":"https:\/\/katicatanya.hu\/en\/wp-json\/wp\/v2\/media\/4789"}],"wp:attachment":[{"href":"https:\/\/katicatanya.hu\/en\/wp-json\/wp\/v2\/media?parent=4788"}],"wp:term":[{"taxonomy":"category","embeddable":true,"href":"https:\/\/katicatanya.hu\/en\/wp-json\/wp\/v2\/categories?post=4788"},{"taxonomy":"post_tag","embeddable":true,"href":"https:\/\/katicatanya.hu\/en\/wp-json\/wp\/v2\/tags?post=4788"}],"curies":[{"name":"wp","href":"https:\/\/api.w.org\/{rel}","templated":true}]}}